{"id":109,"date":"2013-04-12T14:16:16","date_gmt":"2013-04-12T12:16:16","guid":{"rendered":"https:\/\/42ev.net\/?p=109"},"modified":"2026-07-16T17:32:06","modified_gmt":"2026-07-16T15:32:06","slug":"gruendung","status":"publish","type":"post","link":"https:\/\/42ev.net\/?p=109","title":{"rendered":"Gr\u00fcndung"},"content":{"rendered":"<div id=\"magicdomid31\">Am 6. April fand in Frankfurt\/Main die Gr\u00fcndung des gemeinn\u00fctzigen Vereins \u201c42 e.V.\u201d statt, der als m\u00f6gliche \u201cparteinahe Stiftung\u201d der Piratenpartei Deutschland aufgebaut werden soll.<\/div>\n<div id=\"magicdomid32\"><\/div>\n<div id=\"magicdomid33\">Zu seinen zentralen Zielen geh\u00f6ren politische Bildung und Forschung, die der F\u00f6rderung der aktiven Teilnahme aller B\u00fcrger an der demokratischen Entwicklung unserer Gesellschaft dienen sollen. Dar\u00fcber hinaus richtet er seine Arbeit insbesondere auf Wissen und Politik in einer technisch vernetzten Welt und will die Chancen f\u00f6rdern, die mit den digitalen Medien entstanden sind und entstehen \u2013 Ziele, die in der Landschaft der politischen Stiftungen bisher nicht zu finden sind.<\/div>\n<div id=\"magicdomid34\">Damit macht der Verein die Thematisierung der tiefgreifenden Ver\u00e4nderungen der Lebenswelt durch die digitale Revolution zu einem zentralen Bestandteil seines k\u00fcnftigen Aufgabenspektrums.<\/div>\n<div id=\"magicdomid35\"><\/div>\n<div id=\"magicdomid36\">Der ungew\u00f6hnliche Name \u201c42 e.V.\u201d verweist auf den Schriftsteller Douglas Adams, bei dem die kryptische Ziffer augenzwinkerndes Symbol f\u00fcr das \u201cFragen an sich\u201d ist \u2013 und genau darum geht es. Der Verein m\u00f6chte politische Bildung als Ansto\u00df zum Fragen betreiben, zum eigenen Durchdenken der gesellschaftlichen und politischen Realit\u00e4t, statt vorgefertigte Antworten zu liefern. Und nat\u00fcrlich steht die 42 f\u00fcr die Antwort auf die Frage aller Fragen!<\/div>\n<div><img loading=\"lazy\" decoding=\"async\" class=\"size-medium wp-image-110 aligncenter\" src=\"https:\/\/42ev.net\/wp-content\/uploads\/2026\/07\/vorstand_kl-300x225.png\" alt=\"\" width=\"300\" height=\"225\" srcset=\"https:\/\/42ev.net\/wp-content\/uploads\/2026\/07\/vorstand_kl-300x225.png 300w, https:\/\/42ev.net\/wp-content\/uploads\/2026\/07\/vorstand_kl.png 600w\" sizes=\"auto, (max-width: 300px) 100vw, 300px\" \/><\/div>\n<div><\/div>\n<div>Der Vorstand: Knut B\u00e4nsch (Beisitzer), Sven Seele (Schatzmeister) Beate Kesper (Beisitzer), Lore Re\u00df (ausgeschieden Jan. 2014), Christian Flei\u00dfner (Beisitzer), Werner Trapp (2. Vorsitzender)<\/div>\n","protected":false},"excerpt":{"rendered":"<p>Am 6. April fand in Frankfurt\/Main die Gr\u00fcndung des gemeinn\u00fctzigen Vereins \u201c42 e.V.\u201d statt, der als m\u00f6gliche \u201cparteinahe Stiftung\u201d der Piratenpartei Deutschland aufgebaut werden soll. Zu seinen zentralen Zielen geh\u00f6ren politische Bildung und Forschung, die der F\u00f6rderung der aktiven Teilnahme aller B\u00fcrger an der demokratischen Entwicklung unserer Gesellschaft dienen sollen. Dar\u00fcber hinaus richtet er seine Arbeit insbesondere auf Wissen und Politik in einer technisch vernetzten Welt und will die Chancen f\u00f6rdern, die mit den digitalen Medien entstanden sind und entstehen \u2013 Ziele, die in der Landschaft der politischen Stiftungen bisher nicht zu finden sind. Damit macht der Verein die Thematisierung der tiefgreifenden Ver\u00e4nderungen der Lebenswelt durch die digitale Revolution zu\u2026 <span class=\"read-more\"><a href=\"https:\/\/42ev.net\/?p=109\">Read More: Gr\u00fcndung &raquo;<\/a><\/span><\/p>\n","protected":false},"author":3,"featured_media":0,"comment_status":"open","ping_status":"open","sticky":false,"template":"","format":"standard","meta":{"footnotes":""},"categories":[1],"tags":[],"class_list":["post-109","post","type-post","status-publish","format-standard","hentry","category-allgemein"],"_links":{"self":[{"href":"https:\/\/42ev.net\/index.php?rest_route=\/wp\/v2\/posts\/109","targetHints":{"allow":["GET"]}}],"collection":[{"href":"https:\/\/42ev.net\/index.php?rest_route=\/wp\/v2\/posts"}],"about":[{"href":"https:\/\/42ev.net\/index.php?rest_route=\/wp\/v2\/types\/post"}],"author":[{"embeddable":true,"href":"https:\/\/42ev.net\/index.php?rest_route=\/wp\/v2\/users\/3"}],"replies":[{"embeddable":true,"href":"https:\/\/42ev.net\/index.php?rest_route=%2Fwp%2Fv2%2Fcomments&post=109"}],"version-history":[{"count":1,"href":"https:\/\/42ev.net\/index.php?rest_route=\/wp\/v2\/posts\/109\/revisions"}],"predecessor-version":[{"id":111,"href":"https:\/\/42ev.net\/index.php?rest_route=\/wp\/v2\/posts\/109\/revisions\/111"}],"wp:attachment":[{"href":"https:\/\/42ev.net\/index.php?rest_route=%2Fwp%2Fv2%2Fmedia&parent=109"}],"wp:term":[{"taxonomy":"category","embeddable":true,"href":"https:\/\/42ev.net\/index.php?rest_route=%2Fwp%2Fv2%2Fcategories&post=109"},{"taxonomy":"post_tag","embeddable":true,"href":"https:\/\/42ev.net\/index.php?rest_route=%2Fwp%2Fv2%2Ftags&post=109"}],"curies":[{"name":"wp","href":"https:\/\/api.w.org\/{rel}","templated":true}]}}