{"id":18,"date":"2022-03-17T20:55:24","date_gmt":"2022-03-17T19:55:24","guid":{"rendered":"https:\/\/42ev.net\/?p=18"},"modified":"2026-07-16T17:29:16","modified_gmt":"2026-07-16T15:29:16","slug":"stiftung-42-podcast-3-dirk-hillbrecht","status":"publish","type":"post","link":"https:\/\/42ev.net\/?p=18","title":{"rendered":"Stiftung 42 Podcast #3 &#8211; Dirk Hillbrecht"},"content":{"rendered":"<p><img loading=\"lazy\" decoding=\"async\" class=\"alignnone size-medium wp-image-19\" src=\"https:\/\/42ev.net\/wp-content\/uploads\/2026\/07\/IMG_0041-660x660-1-300x300.jpg\" alt=\"\" width=\"300\" height=\"300\" srcset=\"https:\/\/42ev.net\/wp-content\/uploads\/2026\/07\/IMG_0041-660x660-1-300x300.jpg 300w, https:\/\/42ev.net\/wp-content\/uploads\/2026\/07\/IMG_0041-660x660-1-150x150.jpg 150w, https:\/\/42ev.net\/wp-content\/uploads\/2026\/07\/IMG_0041-660x660-1.jpg 660w\" sizes=\"auto, (max-width: 300px) 100vw, 300px\" \/><\/p>\n<p>Wir haben mit Dirk Hillbrecht dem dritten Bundesvorsitzenden der Piratenpartei Deutschland \u00fcber folgende Themen gesprochen:<\/p>\n<p>00:00:10 Vorstellung Dirk Hillbrecht<br \/>\n00:01:00 das erste Mal das Wort Piratenpartei geh\u00f6rt<br \/>\n00:03:19 In den USA gibt es Software-Patente<br \/>\n00:05:00 Das Piratenpartei Forum<br \/>\n00:06:20 Tobias aus Hannover meldet sich<br \/>\n00:07:40 Wir f\u00fcllen unsere Mitgliedsantr\u00e4ge aus<br \/>\n00:08:20 Die erste R\u00fcckmeldung der Partei<br \/>\n00:09:35 Jens Seipenbusch kommt nach Hannover<br \/>\n00:10:40 Ich m\u00f6chte mich weitergehend einbringen<br \/>\n00:11:20 Die erste Bundes-IT der Piratenpartei<br \/>\n00:11:50 Teile der Piraten-IT im Keller in meiner Firma<br \/>\n00:12:50 Mein erstes \u00fcberregionales Treffen in Berlin<br \/>\n00:14:40 In so kurzer Zeit so stark gewachsen<br \/>\n00:16:30 Gr\u00fcndung des Landesverbandes Niedersachsen<br \/>\n00:17:50 Schatzmeister im Landesvorstand Niedersachsen<br \/>\n00:19:00 Wie gr\u00fcndet man eine Partei?<br \/>\n00:21:40 Wir bieten an, den n\u00e4chsten Bundesparteitag zu organisieren<br \/>\n00:22:40 Ich stelle mich als 1. Vorsitzender zur Wahl<br \/>\n00:26:20 Gab es schon Kreisverb\u00e4nde?<br \/>\n00:27:10 Vorst\u00e4nde haben nach ihrer Amtszeit die Partei verlassen<br \/>\n00:28:10 Konzentration auf die kommunale Ebene<br \/>\n00:29:30 Bundesparteitag in Langenhagen<br \/>\n00:30:40 die Mitglieder in dem Vorstand, in dem Du 1. Vorsitzender warst<br \/>\n00:32:30 geordneter Dissens<br \/>\n00:33:40 Dinge in Deiner Vorstandszeit<br \/>\n00:35:50 es gab noch kein Mumble<br \/>\n00:36:10 wie wurde in der Partei kommuniziert?<br \/>\n00:36:40 gab es das Forum noch?<br \/>\n00:37:10 Mailing Listen<br \/>\n00:40:30 Aufstellungsversammlungen zur Bundestagswahl<br \/>\n00:41:00 die Europawahl 2009<br \/>\n00:42:40 pl\u00f6tzlich im Auge eines Sturms<br \/>\n00:49:07 nach 4 intensiven Wochen<br \/>\n00:50:20 Verdreifachung der Mitgliederzahl in kurzer Zeit<br \/>\n00:51:50 Aufstellung der Landeslisten f\u00fcr die Bundestagswahl<br \/>\n00:54:06 Bundestagswahl 2009<br \/>\n00:58:50 was ist nach der Bundestagswahl 2009 passiert?<br \/>\n01:01:10 ist die Piratenpartei zu schnell gewachsen?<br \/>\n01:05:20 Wenn Du noch was an die H\u00f6rer loswerden willst\u00a0\u2026<\/p>\n<hr \/>\n<p><a href=\"https:\/\/owncloud.ag-technik.de\/s\/mWZZCp5pQGXET2j\" target=\"_blank\" rel=\"noopener\"><strong>Zur Aufzeichnung<\/strong><\/a><\/p>\n<hr \/>\n<p>Lizenz dieses Artikels und dieses Podcasts: <a href=\"https:\/\/creativecommons.org\/licenses\/by-sa\/4.0\/\">CC-BY-SA 4.0<\/a><\/p>\n","protected":false},"excerpt":{"rendered":"<p>Wir haben mit Dirk Hillbrecht dem dritten Bundesvorsitzenden der Piratenpartei Deutschland \u00fcber folgende Themen gesprochen: 00:00:10 Vorstellung Dirk Hillbrecht 00:01:00 das erste Mal das Wort Piratenpartei geh\u00f6rt 00:03:19 In den USA gibt es Software-Patente 00:05:00 Das Piratenpartei Forum 00:06:20 Tobias aus Hannover meldet sich 00:07:40 Wir f\u00fcllen unsere Mitgliedsantr\u00e4ge aus 00:08:20 Die erste R\u00fcckmeldung der Partei 00:09:35 Jens Seipenbusch kommt nach Hannover 00:10:40 Ich m\u00f6chte mich weitergehend einbringen 00:11:20 Die erste Bundes-IT der Piratenpartei 00:11:50 Teile der Piraten-IT im Keller in meiner Firma 00:12:50 Mein erstes \u00fcberregionales Treffen in Berlin 00:14:40 In so kurzer Zeit so stark gewachsen 00:16:30 Gr\u00fcndung des Landesverbandes Niedersachsen 00:17:50 Schatzmeister im Landesvorstand Niedersachsen 00:19:00 Wie\u2026 <span class=\"read-more\"><a href=\"https:\/\/42ev.net\/?p=18\">Read More: Stiftung 42 Podcast #3 &#8211; Dirk Hillbrecht &raquo;<\/a><\/span><\/p>\n","protected":false},"author":3,"featured_media":0,"comment_status":"open","ping_status":"open","sticky":false,"template":"","format":"standard","meta":{"footnotes":""},"categories":[2],"tags":[],"class_list":["post-18","post","type-post","status-publish","format-standard","hentry","category-stiftung42-podcast"],"_links":{"self":[{"href":"https:\/\/42ev.net\/index.php?rest_route=\/wp\/v2\/posts\/18","targetHints":{"allow":["GET"]}}],"collection":[{"href":"https:\/\/42ev.net\/index.php?rest_route=\/wp\/v2\/posts"}],"about":[{"href":"https:\/\/42ev.net\/index.php?rest_route=\/wp\/v2\/types\/post"}],"author":[{"embeddable":true,"href":"https:\/\/42ev.net\/index.php?rest_route=\/wp\/v2\/users\/3"}],"replies":[{"embeddable":true,"href":"https:\/\/42ev.net\/index.php?rest_route=%2Fwp%2Fv2%2Fcomments&post=18"}],"version-history":[{"count":4,"href":"https:\/\/42ev.net\/index.php?rest_route=\/wp\/v2\/posts\/18\/revisions"}],"predecessor-version":[{"id":92,"href":"https:\/\/42ev.net\/index.php?rest_route=\/wp\/v2\/posts\/18\/revisions\/92"}],"wp:attachment":[{"href":"https:\/\/42ev.net\/index.php?rest_route=%2Fwp%2Fv2%2Fmedia&parent=18"}],"wp:term":[{"taxonomy":"category","embeddable":true,"href":"https:\/\/42ev.net\/index.php?rest_route=%2Fwp%2Fv2%2Fcategories&post=18"},{"taxonomy":"post_tag","embeddable":true,"href":"https:\/\/42ev.net\/index.php?rest_route=%2Fwp%2Fv2%2Ftags&post=18"}],"curies":[{"name":"wp","href":"https:\/\/api.w.org\/{rel}","templated":true}]}}