{"id":24,"date":"2021-08-06T20:55:09","date_gmt":"2021-08-06T18:55:09","guid":{"rendered":"https:\/\/42ev.net\/?p=24"},"modified":"2026-07-16T17:32:45","modified_gmt":"2026-07-16T15:32:45","slug":"stiftung42-podcast-1-christof-leng","status":"publish","type":"post","link":"https:\/\/42ev.net\/?p=24","title":{"rendered":"Stiftung42 Podcast #1 &#8211; Christof Leng"},"content":{"rendered":"<p><img loading=\"lazy\" decoding=\"async\" class=\"alignnone size-medium wp-image-19\" src=\"https:\/\/42ev.net\/wp-content\/uploads\/2026\/07\/IMG_0041-660x660-1-300x300.jpg\" alt=\"\" width=\"300\" height=\"300\" srcset=\"https:\/\/42ev.net\/wp-content\/uploads\/2026\/07\/IMG_0041-660x660-1-300x300.jpg 300w, https:\/\/42ev.net\/wp-content\/uploads\/2026\/07\/IMG_0041-660x660-1-150x150.jpg 150w, https:\/\/42ev.net\/wp-content\/uploads\/2026\/07\/IMG_0041-660x660-1.jpg 660w\" sizes=\"auto, (max-width: 300px) 100vw, 300px\" \/><\/p>\n<p>&nbsp;<\/p>\n<p>Wir haben mit Christof Leng, dem allerersten Vorsitzenden der Piratenpartei Deutschland, \u00fcber folgende Themen gesprochen:<\/p>\n<p>01:21 das erste Mal das Wort Piratenpartei<br \/>\n02:16 die Web-Seite piratenpartei.de<br \/>\n02:53 das erste Diskussionsforum<br \/>\n04:07 Diskussion im IRC (Internet Relay Chat)<br \/>\n04:55 Parteigr\u00fcndung vor der Wahl in Schweden am 17.09.2006<br \/>\n05:33 Vorbereitungstreffen in Darmstadt an der TU<br \/>\n06:24 Auswahl des Gr\u00fcndungsortes<br \/>\n07:14 Vorbereitung der Gr\u00fcndungsveranstaltung<br \/>\n09:29 Entwurf der Satzung<br \/>\n11:12 Einreichung der Satzung beim Bundeswahlleiter<br \/>\n12:03 Entwurf des Parteiprogramms<br \/>\n13:19 der erste Parteitag am 10.09.2006 in Berlin<br \/>\n14:21 die Wahl des 1. Bundesvorsitzenden<br \/>\n16:16 Mitgliedsnummern<br \/>\n16:53 Versammlungsleiter bei der Gr\u00fcndungsveranstaltung<br \/>\n17:46 L\u00e4nge der Gr\u00fcndungsveranstaltung<br \/>\n18:25 \u00c4nderungsantr\u00e4ge<br \/>\n19:19 wann wurde Mumble eingef\u00fchrt?<br \/>\n19:41 das Gr\u00fcndungsprotokoll im Wiki<br \/>\n19:59 wie habt ihr eure Sitzungen ohne Mumble gemacht?<br \/>\n20:27 Piratenparteien in anderen L\u00e4ndern<br \/>\n20:50 die Presse bei der Gr\u00fcndungsveranstaltung<br \/>\n21:15 der politische Kontext 2006 \/ Aufbauarbeit<br \/>\n23:21 Zensursula<br \/>\n23:52 Filesharing<br \/>\n24:50 Aufbauarbeit<br \/>\n26:17 Jens Seipenbusch<br \/>\n26:52 Verschlei\u00df von Bundesvorst\u00e4nden<br \/>\n28:18, wenn zwei Piraten sich einig sind, k\u00f6nnen sie im Namen der Partei reden<br \/>\n28:36 offene Demokratie, die ich mir w\u00fcnsche<br \/>\n30:18 Delegiertensystem versus direkte Wahl<br \/>\n34:20 Ihr wusstet nicht, was auf Euch zukommen w\u00fcrde<br \/>\n34:53 Filesharing<br \/>\n36:16 Kulturflatrate<br \/>\n39:06 Warum eine neue Partei?<br \/>\n41:36 Ver\u00e4nderung der politischen Landschaft durch die Piratenpartei<br \/>\n42:14 Wikipedia Artikel von Christof Leng \/ Professionalit\u00e4t<br \/>\n43:56 welche politischen Themen waren Euch am Anfang im Kern wichtig?<br \/>\n45:36 Umfang des Gesamtprogramms der Partei<br \/>\n48:17 Bundesvorsitz und Promotion<br \/>\n49:51 politische Landschaft umgestaltet<br \/>\n51:16 Professionalit\u00e4t<\/p>\n<hr \/>\n<p><a href=\"https:\/\/owncloud.ag-technik.de\/s\/7dbHE6dwb46gArd\" target=\"_blank\" rel=\"noopener\"><strong>Zur Aufzeichnung<\/strong><\/a><\/p>\n<p>&nbsp;<\/p>\n","protected":false},"excerpt":{"rendered":"<p>&nbsp; Wir haben mit Christof Leng, dem allerersten Vorsitzenden der Piratenpartei Deutschland, \u00fcber folgende Themen gesprochen: 01:21 das erste Mal das Wort Piratenpartei 02:16 die Web-Seite piratenpartei.de 02:53 das erste Diskussionsforum 04:07 Diskussion im IRC (Internet Relay Chat) 04:55 Parteigr\u00fcndung vor der Wahl in Schweden am 17.09.2006 05:33 Vorbereitungstreffen in Darmstadt an der TU 06:24 Auswahl des Gr\u00fcndungsortes 07:14 Vorbereitung der Gr\u00fcndungsveranstaltung 09:29 Entwurf der Satzung 11:12 Einreichung der Satzung beim Bundeswahlleiter 12:03 Entwurf des Parteiprogramms 13:19 der erste Parteitag am 10.09.2006 in Berlin 14:21 die Wahl des 1. Bundesvorsitzenden 16:16 Mitgliedsnummern 16:53 Versammlungsleiter bei der Gr\u00fcndungsveranstaltung 17:46 L\u00e4nge der Gr\u00fcndungsveranstaltung 18:25 \u00c4nderungsantr\u00e4ge 19:19 wann wurde Mumble eingef\u00fchrt? 19:41 das\u2026 <span class=\"read-more\"><a href=\"https:\/\/42ev.net\/?p=24\">Read More: Stiftung42 Podcast #1 &#8211; Christof Leng &raquo;<\/a><\/span><\/p>\n","protected":false},"author":3,"featured_media":0,"comment_status":"open","ping_status":"open","sticky":false,"template":"","format":"standard","meta":{"footnotes":""},"categories":[2],"tags":[],"class_list":["post-24","post","type-post","status-publish","format-standard","hentry","category-stiftung42-podcast"],"_links":{"self":[{"href":"https:\/\/42ev.net\/index.php?rest_route=\/wp\/v2\/posts\/24","targetHints":{"allow":["GET"]}}],"collection":[{"href":"https:\/\/42ev.net\/index.php?rest_route=\/wp\/v2\/posts"}],"about":[{"href":"https:\/\/42ev.net\/index.php?rest_route=\/wp\/v2\/types\/post"}],"author":[{"embeddable":true,"href":"https:\/\/42ev.net\/index.php?rest_route=\/wp\/v2\/users\/3"}],"replies":[{"embeddable":true,"href":"https:\/\/42ev.net\/index.php?rest_route=%2Fwp%2Fv2%2Fcomments&post=24"}],"version-history":[{"count":5,"href":"https:\/\/42ev.net\/index.php?rest_route=\/wp\/v2\/posts\/24\/revisions"}],"predecessor-version":[{"id":96,"href":"https:\/\/42ev.net\/index.php?rest_route=\/wp\/v2\/posts\/24\/revisions\/96"}],"wp:attachment":[{"href":"https:\/\/42ev.net\/index.php?rest_route=%2Fwp%2Fv2%2Fmedia&parent=24"}],"wp:term":[{"taxonomy":"category","embeddable":true,"href":"https:\/\/42ev.net\/index.php?rest_route=%2Fwp%2Fv2%2Fcategories&post=24"},{"taxonomy":"post_tag","embeddable":true,"href":"https:\/\/42ev.net\/index.php?rest_route=%2Fwp%2Fv2%2Ftags&post=24"}],"curies":[{"name":"wp","href":"https:\/\/api.w.org\/{rel}","templated":true}]}}