{"id":44,"date":"2017-07-14T20:54:11","date_gmt":"2017-07-14T18:54:11","guid":{"rendered":"https:\/\/42ev.net\/?p=44"},"modified":"2026-07-16T17:30:30","modified_gmt":"2026-07-16T15:30:30","slug":"mitgliederversammlung-2017","status":"publish","type":"post","link":"https:\/\/42ev.net\/?p=44","title":{"rendered":"Mitgliederversammlung 2017"},"content":{"rendered":"<p>42 hat einen neuen Vorstand. Die Mitgliederversammlung hat am 8. Juli gew\u00e4hlt:<\/p>\n<p>Gregory Engels: alter und neuer 1. Vorsitzender<\/p>\n<p>Alex Kohler: neuer stellvertretender Vorsitzender<\/p>\n<p>Peter Menne: neuer Schatzmeister<\/p>\n<p>Peter Finkelgruen: Beisitzer.<\/p>\n<p>Der neue Vorstand tritt voller Engagement an, unsere Ziele f\u00fcr die freie Entfaltung von Individuen voranzubringen &#8211; und das dazu n\u00f6tige Wissen zug\u00e4nglich zu machen. Da arbeitet er ganz im Sinne des bisherigen Vorstands weiter, der \u00fcber seine Arbeit berichtet hat. Die wichtigsten Ereignisse der vergangenen Wahlperiode waren:<\/p>\n<ul>\n<li>die Piraten Sicherheitskonferenzen im Februar 2016 und 2017 in M\u00fcnchen<\/li>\n<li>die Podiumsdiskussion zum Bedingungslosen Grundeinkommen vor der Schweizer Abstimmung hierzu am 28. April 2016 in Frankfurt mit Susanne Wiest und Enno Schmidt<\/li>\n<li>die Lesung \u201cDie Grenzen der Toleranz\u201d von Michael Schmidt-Salomon, Vorstandssprecher der Giordano-Bruno-Stiftung, im Rahmen der GegenBuchMasse am 21. Oktober 2016 in Frankfurt<\/li>\n<li>die Tagung \u201cDemokratisierung von Geld\u201d am 24. Juni 2017 in Offenbach<\/li>\n<li>das Piratensommercamp im August 2016 in Polen<\/li>\n<\/ul>\n<p lang=\"de-DE\">Ideen f\u00fcr das laufende Jahr nehmen Gestalt an: wir werden Dich \/ Sie hier informieren!<\/p>\n","protected":false},"excerpt":{"rendered":"<p>42 hat einen neuen Vorstand. Die Mitgliederversammlung hat am 8. Juli gew\u00e4hlt: Gregory Engels: alter und neuer 1. Vorsitzender Alex Kohler: neuer stellvertretender Vorsitzender Peter Menne: neuer Schatzmeister Peter Finkelgruen: Beisitzer. Der neue Vorstand tritt voller Engagement an, unsere Ziele f\u00fcr die freie Entfaltung von Individuen voranzubringen &#8211; und das dazu n\u00f6tige Wissen zug\u00e4nglich zu machen. Da arbeitet er ganz im Sinne des bisherigen Vorstands weiter, der \u00fcber seine Arbeit berichtet hat. Die wichtigsten Ereignisse der vergangenen Wahlperiode waren: die Piraten Sicherheitskonferenzen im Februar 2016 und 2017 in M\u00fcnchen die Podiumsdiskussion zum Bedingungslosen Grundeinkommen vor der Schweizer Abstimmung hierzu am 28. April 2016 in Frankfurt mit Susanne Wiest und Enno\u2026 <span class=\"read-more\"><a href=\"https:\/\/42ev.net\/?p=44\">Read More: Mitgliederversammlung 2017 &raquo;<\/a><\/span><\/p>\n","protected":false},"author":3,"featured_media":0,"comment_status":"open","ping_status":"open","sticky":false,"template":"","format":"standard","meta":{"footnotes":""},"categories":[1],"tags":[],"class_list":["post-44","post","type-post","status-publish","format-standard","hentry","category-allgemein"],"_links":{"self":[{"href":"https:\/\/42ev.net\/index.php?rest_route=\/wp\/v2\/posts\/44","targetHints":{"allow":["GET"]}}],"collection":[{"href":"https:\/\/42ev.net\/index.php?rest_route=\/wp\/v2\/posts"}],"about":[{"href":"https:\/\/42ev.net\/index.php?rest_route=\/wp\/v2\/types\/post"}],"author":[{"embeddable":true,"href":"https:\/\/42ev.net\/index.php?rest_route=\/wp\/v2\/users\/3"}],"replies":[{"embeddable":true,"href":"https:\/\/42ev.net\/index.php?rest_route=%2Fwp%2Fv2%2Fcomments&post=44"}],"version-history":[{"count":1,"href":"https:\/\/42ev.net\/index.php?rest_route=\/wp\/v2\/posts\/44\/revisions"}],"predecessor-version":[{"id":45,"href":"https:\/\/42ev.net\/index.php?rest_route=\/wp\/v2\/posts\/44\/revisions\/45"}],"wp:attachment":[{"href":"https:\/\/42ev.net\/index.php?rest_route=%2Fwp%2Fv2%2Fmedia&parent=44"}],"wp:term":[{"taxonomy":"category","embeddable":true,"href":"https:\/\/42ev.net\/index.php?rest_route=%2Fwp%2Fv2%2Fcategories&post=44"},{"taxonomy":"post_tag","embeddable":true,"href":"https:\/\/42ev.net\/index.php?rest_route=%2Fwp%2Fv2%2Ftags&post=44"}],"curies":[{"name":"wp","href":"https:\/\/api.w.org\/{rel}","templated":true}]}}