{"id":99,"date":"2013-07-07T14:11:14","date_gmt":"2013-07-07T12:11:14","guid":{"rendered":"https:\/\/42ev.net\/?p=99"},"modified":"2026-07-16T17:31:45","modified_gmt":"2026-07-16T15:31:45","slug":"eindruecke-von-der-ersten-mitgliederversammlung","status":"publish","type":"post","link":"https:\/\/42ev.net\/?p=99","title":{"rendered":"Eindr\u00fccke von der ersten Mitgliederversammlung"},"content":{"rendered":"<p>Inspirierend &#8211; angenehme, diskussionsfreudige Teilnehmer &#8211; ergebnisorientiert!<\/p>\n<p>Nach den Berichten aus dem Vorstand zu der (erfolgten) Registrierung und dem aktuellen Ringen um die Steuerbeg\u00fcnstigung und dem Kassenbericht, ging es an die Schwerpunkte der Tagung:<\/p>\n<p>Beginnen wir mit den Themen, der Vernetzung oder Projekten?<br \/>\nLetztendlich war die Reihenfolge egal, wir haben uns darauf verst\u00e4ndigt:<\/p>\n<ul>\n<li>dass Vernetzung selektiv betrachtet werden muss (extern und Piratenpartei)<\/li>\n<li>dass wir daf\u00fcr benannte Verantwortliche ben\u00f6tigen<\/li>\n<li>dass wir einige aktuelle Projekte haben, diese wurden benannt und werden uns in K\u00fcrze ein \u201cProgramm\u201d bescheren.<\/li>\n<li>dass wir 2 vereinsinterne Projekte in Angriff nehmen m\u00fcssen (auch dies mit benannten Verantwortlichkeiten).<\/li>\n<\/ul>\n<p><em><strong>Fazit<\/strong><\/em>: Es liegt viel Arbeit vor uns &#8211; lasst uns die richtigen Fragen stellen!<br \/>\nUnd gleich eine Aufforderung an die anderen Teilnehmer der Versammlung: Wie waren Eure Eindr\u00fccke?<\/p>\n<p>&nbsp;<\/p>\n<hr \/>\n<p><a href=\"https:\/\/owncloud.ag-technik.de\/s\/QqNWEJtAjxko8JE\" target=\"_blank\" rel=\"noopener\">Das offizielle Protokoll gibt es hier<\/a>!<\/p>\n","protected":false},"excerpt":{"rendered":"<p>Inspirierend &#8211; angenehme, diskussionsfreudige Teilnehmer &#8211; ergebnisorientiert! Nach den Berichten aus dem Vorstand zu der (erfolgten) Registrierung und dem aktuellen Ringen um die Steuerbeg\u00fcnstigung und dem Kassenbericht, ging es an die Schwerpunkte der Tagung: Beginnen wir mit den Themen, der Vernetzung oder Projekten? Letztendlich war die Reihenfolge egal, wir haben uns darauf verst\u00e4ndigt: dass Vernetzung selektiv betrachtet werden muss (extern und Piratenpartei) dass wir daf\u00fcr benannte Verantwortliche ben\u00f6tigen dass wir einige aktuelle Projekte haben, diese wurden benannt und werden uns in K\u00fcrze ein \u201cProgramm\u201d bescheren. dass wir 2 vereinsinterne Projekte in Angriff nehmen m\u00fcssen (auch dies mit benannten Verantwortlichkeiten). Fazit: Es liegt viel Arbeit vor uns &#8211; lasst uns die\u2026 <span class=\"read-more\"><a href=\"https:\/\/42ev.net\/?p=99\">Read More: Eindr\u00fccke von der ersten Mitgliederversammlung &raquo;<\/a><\/span><\/p>\n","protected":false},"author":3,"featured_media":0,"comment_status":"open","ping_status":"open","sticky":false,"template":"","format":"standard","meta":{"footnotes":""},"categories":[1],"tags":[],"class_list":["post-99","post","type-post","status-publish","format-standard","hentry","category-allgemein"],"_links":{"self":[{"href":"https:\/\/42ev.net\/index.php?rest_route=\/wp\/v2\/posts\/99","targetHints":{"allow":["GET"]}}],"collection":[{"href":"https:\/\/42ev.net\/index.php?rest_route=\/wp\/v2\/posts"}],"about":[{"href":"https:\/\/42ev.net\/index.php?rest_route=\/wp\/v2\/types\/post"}],"author":[{"embeddable":true,"href":"https:\/\/42ev.net\/index.php?rest_route=\/wp\/v2\/users\/3"}],"replies":[{"embeddable":true,"href":"https:\/\/42ev.net\/index.php?rest_route=%2Fwp%2Fv2%2Fcomments&post=99"}],"version-history":[{"count":4,"href":"https:\/\/42ev.net\/index.php?rest_route=\/wp\/v2\/posts\/99\/revisions"}],"predecessor-version":[{"id":103,"href":"https:\/\/42ev.net\/index.php?rest_route=\/wp\/v2\/posts\/99\/revisions\/103"}],"wp:attachment":[{"href":"https:\/\/42ev.net\/index.php?rest_route=%2Fwp%2Fv2%2Fmedia&parent=99"}],"wp:term":[{"taxonomy":"category","embeddable":true,"href":"https:\/\/42ev.net\/index.php?rest_route=%2Fwp%2Fv2%2Fcategories&post=99"},{"taxonomy":"post_tag","embeddable":true,"href":"https:\/\/42ev.net\/index.php?rest_route=%2Fwp%2Fv2%2Ftags&post=99"}],"curies":[{"name":"wp","href":"https:\/\/api.w.org\/{rel}","templated":true}]}}